{"id":9230,"date":"2023-01-06T13:13:36","date_gmt":"2023-01-06T12:13:36","guid":{"rendered":"https:\/\/www.meteomadagascar.mg\/?post_type=actualite&#038;p=9230"},"modified":"2023-01-06T13:14:56","modified_gmt":"2023-01-06T12:14:56","slug":"renforcement-de-la-collaboration-entre-le-ministere-de-la-peche-et-de-leconomie-bleue-et-la-direction-generale-de-la-meteorologie-du-ministere-des-transports-et-de-la-meteorologie","status":"publish","type":"actualite","link":"https:\/\/www.meteomadagascar.mg\/actualite\/renforcement-de-la-collaboration-entre-le-ministere-de-la-peche-et-de-leconomie-bleue-et-la-direction-generale-de-la-meteorologie-du-ministere-des-transports-et-de-la-meteorologie\/","title":{"rendered":"Renforcement de la collaboration entre le Minist\u00e8re de la P\u00eache et de l&#8217;Economie Bleue et la Direction G\u00e9n\u00e9rale de la M\u00e9t\u00e9orologie du Minist\u00e8re des Transports et de la M\u00e9t\u00e9orologie"},"excerpt":{"rendered":"<p>Le Ministre de la P\u00eache et de l&#8217;Economie Bleue Monsieur TSIMANAORATY MAHATANTE PAUBERT et son \u00e9quipe ont effectu\u00e9 une visite \u00e0 la Direction g\u00e9n\u00e9rale de la M\u00e9t\u00e9orologie Ampandrianomby l\u2019apr\u00e8s-midi du 05 Janvier 2023.<\/p>\n","protected":false},"featured_media":9231,"template":"","class_list":["post-9230","actualite","type-actualite","status-publish","has-post-thumbnail","hentry"],"acf":[],"yoast_head":"\n<title>Renforcement de la collaboration entre le Minist\u00e8re de la P\u00eache et de l&#039;Economie Bleue et la Direction G\u00e9n\u00e9rale de la M\u00e9t\u00e9orologie du Minist\u00e8re des Transports et de la M\u00e9t\u00e9orologie - M\u00e9t\u00e9o Madagascar<\/title>\n<meta name=\"robots\" content=\"index, follow, max-snippet:-1, max-image-preview:large, max-video-preview:-1\" \/>\n<link rel=\"canonical\" href=\"https:\/\/www.meteomadagascar.mg\/actualite\/renforcement-de-la-collaboration-entre-le-ministere-de-la-peche-et-de-leconomie-bleue-et-la-direction-generale-de-la-meteorologie-du-ministere-des-transports-et-de-la-meteorologie\/\" \/>\n<meta property=\"og:locale\" content=\"fr_FR\" \/>\n<meta property=\"og:type\" content=\"article\" \/>\n<meta property=\"og:title\" content=\"Renforcement de la collaboration entre le Minist\u00e8re de la P\u00eache et de l&#039;Economie Bleue et la Direction G\u00e9n\u00e9rale de la M\u00e9t\u00e9orologie du Minist\u00e8re des Transports et de la M\u00e9t\u00e9orologie - M\u00e9t\u00e9o Madagascar\" \/>\n<meta property=\"og:description\" content=\"Le Ministre de la P\u00eache et de l&#039;Economie Bleue Monsieur TSIMANAORATY MAHATANTE PAUBERT et son \u00e9quipe ont effectu\u00e9 une visite \u00e0 la Direction g\u00e9n\u00e9rale de la M\u00e9t\u00e9orologie Ampandrianomby l\u2019apr\u00e8s-midi du 05 Janvier 2023.\" \/>\n<meta property=\"og:url\" content=\"https:\/\/www.meteomadagascar.mg\/actualite\/renforcement-de-la-collaboration-entre-le-ministere-de-la-peche-et-de-leconomie-bleue-et-la-direction-generale-de-la-meteorologie-du-ministere-des-transports-et-de-la-meteorologie\/\" \/>\n<meta property=\"og:site_name\" content=\"M\u00e9t\u00e9o Madagascar\" \/>\n<meta property=\"article:modified_time\" content=\"2023-01-06T12:14:56+00:00\" \/>\n<meta property=\"og:image\" content=\"https:\/\/www.meteomadagascar.mg\/izepoons\/5-1-768x664.jpg\" \/>\n\t<meta property=\"og:image:width\" content=\"768\" \/>\n\t<meta property=\"og:image:height\" content=\"664\" \/>\n\t<meta property=\"og:image:type\" content=\"image\/jpeg\" \/>\n<meta name=\"twitter:card\" content=\"summary_large_image\" \/>\n","yoast_head_json":{"title":"Renforcement de la collaboration entre le Minist\u00e8re de la P\u00eache et de l'Economie Bleue et la Direction G\u00e9n\u00e9rale de la M\u00e9t\u00e9orologie du Minist\u00e8re des Transports et de la M\u00e9t\u00e9orologie - M\u00e9t\u00e9o Madagascar","robots":{"index":"index","follow":"follow","max-snippet":"max-snippet:-1","max-image-preview":"max-image-preview:large","max-video-preview":"max-video-preview:-1"},"canonical":"https:\/\/www.meteomadagascar.mg\/actualite\/renforcement-de-la-collaboration-entre-le-ministere-de-la-peche-et-de-leconomie-bleue-et-la-direction-generale-de-la-meteorologie-du-ministere-des-transports-et-de-la-meteorologie\/","og_locale":"fr_FR","og_type":"article","og_title":"Renforcement de la collaboration entre le Minist\u00e8re de la P\u00eache et de l'Economie Bleue et la Direction G\u00e9n\u00e9rale de la M\u00e9t\u00e9orologie du Minist\u00e8re des Transports et de la M\u00e9t\u00e9orologie - M\u00e9t\u00e9o Madagascar","og_description":"Le Ministre de la P\u00eache et de l'Economie Bleue Monsieur TSIMANAORATY MAHATANTE PAUBERT et son \u00e9quipe ont effectu\u00e9 une visite \u00e0 la Direction g\u00e9n\u00e9rale de la M\u00e9t\u00e9orologie Ampandrianomby l\u2019apr\u00e8s-midi du 05 Janvier 2023.","og_url":"https:\/\/www.meteomadagascar.mg\/actualite\/renforcement-de-la-collaboration-entre-le-ministere-de-la-peche-et-de-leconomie-bleue-et-la-direction-generale-de-la-meteorologie-du-ministere-des-transports-et-de-la-meteorologie\/","og_site_name":"M\u00e9t\u00e9o Madagascar","article_modified_time":"2023-01-06T12:14:56+00:00","og_image":[{"width":768,"height":664,"url":"https:\/\/www.meteomadagascar.mg\/izepoons\/5-1-768x664.jpg","type":"image\/jpeg"}],"twitter_card":"summary_large_image","schema":{"@context":"https:\/\/schema.org","@graph":[{"@type":"WebPage","@id":"https:\/\/www.meteomadagascar.mg\/actualite\/renforcement-de-la-collaboration-entre-le-ministere-de-la-peche-et-de-leconomie-bleue-et-la-direction-generale-de-la-meteorologie-du-ministere-des-transports-et-de-la-meteorologie\/","url":"https:\/\/www.meteomadagascar.mg\/actualite\/renforcement-de-la-collaboration-entre-le-ministere-de-la-peche-et-de-leconomie-bleue-et-la-direction-generale-de-la-meteorologie-du-ministere-des-transports-et-de-la-meteorologie\/","name":"Renforcement de la collaboration entre le Minist\u00e8re de la P\u00eache et de l'Economie Bleue et la Direction G\u00e9n\u00e9rale de la M\u00e9t\u00e9orologie du Minist\u00e8re des Transports et de la M\u00e9t\u00e9orologie - M\u00e9t\u00e9o Madagascar","isPartOf":{"@id":"https:\/\/www.meteomadagascar.mg\/#website"},"primaryImageOfPage":{"@id":"https:\/\/www.meteomadagascar.mg\/actualite\/renforcement-de-la-collaboration-entre-le-ministere-de-la-peche-et-de-leconomie-bleue-et-la-direction-generale-de-la-meteorologie-du-ministere-des-transports-et-de-la-meteorologie\/#primaryimage"},"image":{"@id":"https:\/\/www.meteomadagascar.mg\/actualite\/renforcement-de-la-collaboration-entre-le-ministere-de-la-peche-et-de-leconomie-bleue-et-la-direction-generale-de-la-meteorologie-du-ministere-des-transports-et-de-la-meteorologie\/#primaryimage"},"thumbnailUrl":"https:\/\/www.meteomadagascar.mg\/izepoons\/5-1.jpg","datePublished":"2023-01-06T12:13:36+00:00","dateModified":"2023-01-06T12:14:56+00:00","breadcrumb":{"@id":"https:\/\/www.meteomadagascar.mg\/actualite\/renforcement-de-la-collaboration-entre-le-ministere-de-la-peche-et-de-leconomie-bleue-et-la-direction-generale-de-la-meteorologie-du-ministere-des-transports-et-de-la-meteorologie\/#breadcrumb"},"inLanguage":"fr-FR","potentialAction":[{"@type":"ReadAction","target":["https:\/\/www.meteomadagascar.mg\/actualite\/renforcement-de-la-collaboration-entre-le-ministere-de-la-peche-et-de-leconomie-bleue-et-la-direction-generale-de-la-meteorologie-du-ministere-des-transports-et-de-la-meteorologie\/"]}]},{"@type":"ImageObject","inLanguage":"fr-FR","@id":"https:\/\/www.meteomadagascar.mg\/actualite\/renforcement-de-la-collaboration-entre-le-ministere-de-la-peche-et-de-leconomie-bleue-et-la-direction-generale-de-la-meteorologie-du-ministere-des-transports-et-de-la-meteorologie\/#primaryimage","url":"https:\/\/www.meteomadagascar.mg\/izepoons\/5-1.jpg","contentUrl":"https:\/\/www.meteomadagascar.mg\/izepoons\/5-1.jpg","width":3080,"height":2664},{"@type":"BreadcrumbList","@id":"https:\/\/www.meteomadagascar.mg\/actualite\/renforcement-de-la-collaboration-entre-le-ministere-de-la-peche-et-de-leconomie-bleue-et-la-direction-generale-de-la-meteorologie-du-ministere-des-transports-et-de-la-meteorologie\/#breadcrumb","itemListElement":[{"@type":"ListItem","position":1,"name":"Accueil","item":"https:\/\/www.meteomadagascar.mg\/"},{"@type":"ListItem","position":2,"name":"Renforcement de la collaboration entre le Minist\u00e8re de la P\u00eache et de l&#8217;Economie Bleue et la Direction G\u00e9n\u00e9rale de la M\u00e9t\u00e9orologie du Minist\u00e8re des Transports et de la M\u00e9t\u00e9orologie"}]},{"@type":"WebSite","@id":"https:\/\/www.meteomadagascar.mg\/#website","url":"https:\/\/www.meteomadagascar.mg\/","name":"M\u00e9t\u00e9o Madagascar","description":"Levier de d\u00e9veloppement","publisher":{"@id":"https:\/\/www.meteomadagascar.mg\/#organization"},"potentialAction":[{"@type":"SearchAction","target":{"@type":"EntryPoint","urlTemplate":"https:\/\/www.meteomadagascar.mg\/?s={search_term_string}"},"query-input":{"@type":"PropertyValueSpecification","valueRequired":true,"valueName":"search_term_string"}}],"inLanguage":"fr-FR"},{"@type":"Organization","@id":"https:\/\/www.meteomadagascar.mg\/#organization","name":"Direction g\u00e9n\u00e9rale de la m\u00e9t\u00e9orologie de Madagascar","url":"https:\/\/www.meteomadagascar.mg\/","logo":{"@type":"ImageObject","inLanguage":"fr-FR","@id":"https:\/\/www.meteomadagascar.mg\/#\/schema\/logo\/image\/","url":"https:\/\/www.meteomadagascar.mg\/izepoons\/2021\/03\/logo12.png","contentUrl":"https:\/\/www.meteomadagascar.mg\/izepoons\/2021\/03\/logo12.png","width":220,"height":80,"caption":"Direction g\u00e9n\u00e9rale de la m\u00e9t\u00e9orologie de Madagascar"},"image":{"@id":"https:\/\/www.meteomadagascar.mg\/#\/schema\/logo\/image\/"}}]}},"_links":{"self":[{"href":"https:\/\/www.meteomadagascar.mg\/meteo\/wp\/v2\/actualite\/9230","targetHints":{"allow":["GET"]}}],"collection":[{"href":"https:\/\/www.meteomadagascar.mg\/meteo\/wp\/v2\/actualite"}],"about":[{"href":"https:\/\/www.meteomadagascar.mg\/meteo\/wp\/v2\/types\/actualite"}],"wp:featuredmedia":[{"embeddable":true,"href":"https:\/\/www.meteomadagascar.mg\/meteo\/wp\/v2\/media\/9231"}],"wp:attachment":[{"href":"https:\/\/www.meteomadagascar.mg\/meteo\/wp\/v2\/media?parent=9230"}],"curies":[{"name":"wp","href":"https:\/\/api.w.org\/{rel}","templated":true}]}}